{"id":1856,"date":"2024-01-31T08:57:50","date_gmt":"2024-01-31T11:57:50","guid":{"rendered":"https:\/\/avellaneda.gob.ar\/proyectoue\/?p=1856"},"modified":"2024-01-31T08:57:51","modified_gmt":"2024-01-31T11:57:51","slug":"avellaneda-concientiza-sobre-el-cuidado-del-ambiente-en-las-escuelas-de-verano","status":"publish","type":"post","link":"https:\/\/avellaneda.gob.ar\/proyectoue\/avellaneda-concientiza-sobre-el-cuidado-del-ambiente-en-las-escuelas-de-verano\/","title":{"rendered":"AVELLANEDA CONCIENTIZA SOBRE EL CUIDADO DEL AMBIENTE EN LAS ESCUELAS DE VERANO"},"content":{"rendered":"\n<p>En la continuidad de las Escuelas de verano, el Gobierno de Avellaneda lleva adelante \u2013 en esta semana en que se celebra el D\u00eda mundial de la Educaci\u00f3n Ambiental \u2013 acciones de concientizaci\u00f3n educando en ese sentido, con materiales did\u00e1cticos que financia la Uni\u00f3n Europea en el marco del Proyecto URB3iS.<\/p>\n\n\n\n<p>En este espacio destinado a m\u00e1s de 500 ni\u00f1os y ni\u00f1as de zona urbana y rural, se integra la actividad f\u00edsica, con h\u00e1bitos saludables y sana convivencia.<\/p>\n\n\n\n<p>Entre las pol\u00edticas p\u00fablicas que promueve el gobierno local, la de educaci\u00f3n ambiental es prioritaria desde temprana edad en las infancias para alentar el desarrollo sostenible y garantizar la calidad de vida de las generaciones futuras.<\/p>\n\n\n\n<p><strong><u>Aportes<\/u><\/strong><\/p>\n\n\n\n<p>Esta semana, el Intendente Gonzalo Braidot y Subsecretario de Deportes de la provincia, Fernando Maletti, firmaron un convenio del Programa de Escuelas de Formaci\u00f3n Deportiva mediante el cual el Municipio recibi\u00f3 fondos destinados a solventar gastos de las colonias de vacaciones que se desarrollan en la ciudad.<\/p>\n","protected":false},"excerpt":{"rendered":"<p>En la continuidad de las Escuelas de verano, el Gobierno de Avellaneda lleva adelante \u2013 en esta semana en que se celebra el D\u00eda mundial de la Educaci\u00f3n Ambiental \u2013 acciones de concientizaci\u00f3n educando en ese sentido, con materiales did\u00e1cticos que financia la Uni\u00f3n Europea en el marco del Proyecto URB3iS. En este espacio destinado [&hellip;]<\/p>\n","protected":false},"author":2,"featured_media":1857,"comment_status":"open","ping_status":"open","sticky":false,"template":"","format":"standard","meta":{"footnotes":""},"categories":[15,12],"tags":[],"class_list":["post-1856","post","type-post","status-publish","format-standard","has-post-thumbnail","hentry","category-destacadas","category-resiliencia-y-calidad-ambiental","entry","has-media"],"yoast_head":"<!-- This site is optimized with the Yoast SEO plugin v19.7.1 - https:\/\/yoast.com\/wordpress\/plugins\/seo\/ -->\n<title>AVELLANEDA CONCIENTIZA SOBRE EL CUIDADO DEL AMBIENTE EN LAS ESCUELAS DE VERANO - Proyecto Uni\u00f3n Europea<\/title>\n<meta name=\"robots\" content=\"index, follow, max-snippet:-1, max-image-preview:large, max-video-preview:-1\" \/>\n<link rel=\"canonical\" href=\"https:\/\/avellaneda.gob.ar\/proyectoue\/avellaneda-concientiza-sobre-el-cuidado-del-ambiente-en-las-escuelas-de-verano\/\" \/>\n<meta property=\"og:locale\" content=\"es_ES\" \/>\n<meta property=\"og:type\" content=\"article\" \/>\n<meta property=\"og:title\" content=\"AVELLANEDA CONCIENTIZA SOBRE EL CUIDADO DEL AMBIENTE EN LAS ESCUELAS DE VERANO - Proyecto Uni\u00f3n Europea\" \/>\n<meta property=\"og:description\" content=\"En la continuidad de las Escuelas de verano, el Gobierno de Avellaneda lleva adelante \u2013 en esta semana en que se celebra el D\u00eda mundial de la Educaci\u00f3n Ambiental \u2013 acciones de concientizaci\u00f3n educando en ese sentido, con materiales did\u00e1cticos que financia la Uni\u00f3n Europea en el marco del Proyecto URB3iS. En este espacio destinado [&hellip;]\" \/>\n<meta property=\"og:url\" content=\"https:\/\/avellaneda.gob.ar\/proyectoue\/avellaneda-concientiza-sobre-el-cuidado-del-ambiente-en-las-escuelas-de-verano\/\" \/>\n<meta property=\"og:site_name\" content=\"Proyecto Uni\u00f3n Europea\" \/>\n<meta property=\"article:published_time\" content=\"2024-01-31T11:57:50+00:00\" \/>\n<meta property=\"article:modified_time\" content=\"2024-01-31T11:57:51+00:00\" \/>\n<meta property=\"og:image\" content=\"https:\/\/avellaneda.gob.ar\/proyectoue\/wp-content\/uploads\/2024\/01\/dia-mundial-educ-amb-2.jpg\" \/>\n\t<meta property=\"og:image:width\" content=\"900\" \/>\n\t<meta property=\"og:image:height\" content=\"505\" \/>\n\t<meta property=\"og:image:type\" content=\"image\/jpeg\" \/>\n<meta name=\"author\" content=\"franco\" \/>\n<meta name=\"twitter:card\" content=\"summary_large_image\" \/>\n<meta name=\"twitter:label1\" content=\"Escrito por\" \/>\n\t<meta name=\"twitter:data1\" content=\"franco\" \/>\n\t<meta name=\"twitter:label2\" content=\"Tiempo de lectura\" \/>\n\t<meta name=\"twitter:data2\" content=\"1 minuto\" \/>\n<script type=\"application\/ld+json\" class=\"yoast-schema-graph\">{\"@context\":\"https:\/\/schema.org\",\"@graph\":[{\"@type\":\"Article\",\"@id\":\"https:\/\/avellaneda.gob.ar\/proyectoue\/avellaneda-concientiza-sobre-el-cuidado-del-ambiente-en-las-escuelas-de-verano\/#article\",\"isPartOf\":{\"@id\":\"https:\/\/avellaneda.gob.ar\/proyectoue\/avellaneda-concientiza-sobre-el-cuidado-del-ambiente-en-las-escuelas-de-verano\/\"},\"author\":{\"name\":\"franco\",\"@id\":\"https:\/\/avellaneda.gob.ar\/proyectoue\/#\/schema\/person\/4c58cd392705b14ef88b3e428e5f0674\"},\"headline\":\"AVELLANEDA CONCIENTIZA SOBRE EL CUIDADO DEL AMBIENTE EN LAS ESCUELAS DE VERANO\",\"datePublished\":\"2024-01-31T11:57:50+00:00\",\"dateModified\":\"2024-01-31T11:57:51+00:00\",\"mainEntityOfPage\":{\"@id\":\"https:\/\/avellaneda.gob.ar\/proyectoue\/avellaneda-concientiza-sobre-el-cuidado-del-ambiente-en-las-escuelas-de-verano\/\"},\"wordCount\":186,\"commentCount\":0,\"publisher\":{\"@id\":\"https:\/\/avellaneda.gob.ar\/proyectoue\/#organization\"},\"articleSection\":[\"Destacadas\",\"Resiliencia y calidad ambiental\"],\"inLanguage\":\"es-AR\",\"potentialAction\":[{\"@type\":\"CommentAction\",\"name\":\"Comment\",\"target\":[\"https:\/\/avellaneda.gob.ar\/proyectoue\/avellaneda-concientiza-sobre-el-cuidado-del-ambiente-en-las-escuelas-de-verano\/#respond\"]}]},{\"@type\":\"WebPage\",\"@id\":\"https:\/\/avellaneda.gob.ar\/proyectoue\/avellaneda-concientiza-sobre-el-cuidado-del-ambiente-en-las-escuelas-de-verano\/\",\"url\":\"https:\/\/avellaneda.gob.ar\/proyectoue\/avellaneda-concientiza-sobre-el-cuidado-del-ambiente-en-las-escuelas-de-verano\/\",\"name\":\"AVELLANEDA CONCIENTIZA SOBRE EL CUIDADO DEL AMBIENTE EN LAS ESCUELAS DE VERANO - Proyecto Uni\u00f3n Europea\",\"isPartOf\":{\"@id\":\"https:\/\/avellaneda.gob.ar\/proyectoue\/#website\"},\"datePublished\":\"2024-01-31T11:57:50+00:00\",\"dateModified\":\"2024-01-31T11:57:51+00:00\",\"breadcrumb\":{\"@id\":\"https:\/\/avellaneda.gob.ar\/proyectoue\/avellaneda-concientiza-sobre-el-cuidado-del-ambiente-en-las-escuelas-de-verano\/#breadcrumb\"},\"inLanguage\":\"es-AR\",\"potentialAction\":[{\"@type\":\"ReadAction\",\"target\":[\"https:\/\/avellaneda.gob.ar\/proyectoue\/avellaneda-concientiza-sobre-el-cuidado-del-ambiente-en-las-escuelas-de-verano\/\"]}]},{\"@type\":\"BreadcrumbList\",\"@id\":\"https:\/\/avellaneda.gob.ar\/proyectoue\/avellaneda-concientiza-sobre-el-cuidado-del-ambiente-en-las-escuelas-de-verano\/#breadcrumb\",\"itemListElement\":[{\"@type\":\"ListItem\",\"position\":1,\"name\":\"Inicio\",\"item\":\"https:\/\/avellaneda.gob.ar\/proyectoue\/\"},{\"@type\":\"ListItem\",\"position\":2,\"name\":\"AVELLANEDA CONCIENTIZA SOBRE EL CUIDADO DEL AMBIENTE EN LAS ESCUELAS DE VERANO\"}]},{\"@type\":\"WebSite\",\"@id\":\"https:\/\/avellaneda.gob.ar\/proyectoue\/#website\",\"url\":\"https:\/\/avellaneda.gob.ar\/proyectoue\/\",\"name\":\"Proyecto Uni\u00f3n Europea\",\"description\":\"Desarrollo urbano de la ciudad de Avellaneda.\",\"publisher\":{\"@id\":\"https:\/\/avellaneda.gob.ar\/proyectoue\/#organization\"},\"potentialAction\":[{\"@type\":\"SearchAction\",\"target\":{\"@type\":\"EntryPoint\",\"urlTemplate\":\"https:\/\/avellaneda.gob.ar\/proyectoue\/?s={search_term_string}\"},\"query-input\":\"required name=search_term_string\"}],\"inLanguage\":\"es-AR\"},{\"@type\":\"Organization\",\"@id\":\"https:\/\/avellaneda.gob.ar\/proyectoue\/#organization\",\"name\":\"Proyecto Uni\u00f3n Europea\",\"url\":\"https:\/\/avellaneda.gob.ar\/proyectoue\/\",\"sameAs\":[],\"logo\":{\"@type\":\"ImageObject\",\"inLanguage\":\"es-AR\",\"@id\":\"https:\/\/avellaneda.gob.ar\/proyectoue\/#\/schema\/logo\/image\/\",\"url\":\"https:\/\/avellaneda.gob.ar\/proyectoue\/wp-content\/uploads\/2022\/09\/POP-UP-WEB_UE.png\",\"contentUrl\":\"https:\/\/avellaneda.gob.ar\/proyectoue\/wp-content\/uploads\/2022\/09\/POP-UP-WEB_UE.png\",\"width\":1500,\"height\":975,\"caption\":\"Proyecto Uni\u00f3n Europea\"},\"image\":{\"@id\":\"https:\/\/avellaneda.gob.ar\/proyectoue\/#\/schema\/logo\/image\/\"}},{\"@type\":\"Person\",\"@id\":\"https:\/\/avellaneda.gob.ar\/proyectoue\/#\/schema\/person\/4c58cd392705b14ef88b3e428e5f0674\",\"name\":\"franco\",\"image\":{\"@type\":\"ImageObject\",\"inLanguage\":\"es-AR\",\"@id\":\"https:\/\/avellaneda.gob.ar\/proyectoue\/#\/schema\/person\/image\/\",\"url\":\"https:\/\/secure.gravatar.com\/avatar\/d8b90824cd100c001cc76450e494e400721e7fd5436da3cf3d2c96b2875af08f?s=96&d=mm&r=g\",\"contentUrl\":\"https:\/\/secure.gravatar.com\/avatar\/d8b90824cd100c001cc76450e494e400721e7fd5436da3cf3d2c96b2875af08f?s=96&d=mm&r=g\",\"caption\":\"franco\"},\"url\":\"https:\/\/avellaneda.gob.ar\/proyectoue\/author\/franco\/\"}]}<\/script>\n<!-- \/ Yoast SEO plugin. -->","yoast_head_json":{"title":"AVELLANEDA CONCIENTIZA SOBRE EL CUIDADO DEL AMBIENTE EN LAS ESCUELAS DE VERANO - Proyecto Uni\u00f3n Europea","robots":{"index":"index","follow":"follow","max-snippet":"max-snippet:-1","max-image-preview":"max-image-preview:large","max-video-preview":"max-video-preview:-1"},"canonical":"https:\/\/avellaneda.gob.ar\/proyectoue\/avellaneda-concientiza-sobre-el-cuidado-del-ambiente-en-las-escuelas-de-verano\/","og_locale":"es_ES","og_type":"article","og_title":"AVELLANEDA CONCIENTIZA SOBRE EL CUIDADO DEL AMBIENTE EN LAS ESCUELAS DE VERANO - Proyecto Uni\u00f3n Europea","og_description":"En la continuidad de las Escuelas de verano, el Gobierno de Avellaneda lleva adelante \u2013 en esta semana en que se celebra el D\u00eda mundial de la Educaci\u00f3n Ambiental \u2013 acciones de concientizaci\u00f3n educando en ese sentido, con materiales did\u00e1cticos que financia la Uni\u00f3n Europea en el marco del Proyecto URB3iS. En este espacio destinado [&hellip;]","og_url":"https:\/\/avellaneda.gob.ar\/proyectoue\/avellaneda-concientiza-sobre-el-cuidado-del-ambiente-en-las-escuelas-de-verano\/","og_site_name":"Proyecto Uni\u00f3n Europea","article_published_time":"2024-01-31T11:57:50+00:00","article_modified_time":"2024-01-31T11:57:51+00:00","og_image":[{"width":900,"height":505,"url":"https:\/\/avellaneda.gob.ar\/proyectoue\/wp-content\/uploads\/2024\/01\/dia-mundial-educ-amb-2.jpg","type":"image\/jpeg"}],"author":"franco","twitter_card":"summary_large_image","twitter_misc":{"Escrito por":"franco","Tiempo de lectura":"1 minuto"},"schema":{"@context":"https:\/\/schema.org","@graph":[{"@type":"Article","@id":"https:\/\/avellaneda.gob.ar\/proyectoue\/avellaneda-concientiza-sobre-el-cuidado-del-ambiente-en-las-escuelas-de-verano\/#article","isPartOf":{"@id":"https:\/\/avellaneda.gob.ar\/proyectoue\/avellaneda-concientiza-sobre-el-cuidado-del-ambiente-en-las-escuelas-de-verano\/"},"author":{"name":"franco","@id":"https:\/\/avellaneda.gob.ar\/proyectoue\/#\/schema\/person\/4c58cd392705b14ef88b3e428e5f0674"},"headline":"AVELLANEDA CONCIENTIZA SOBRE EL CUIDADO DEL AMBIENTE EN LAS ESCUELAS DE VERANO","datePublished":"2024-01-31T11:57:50+00:00","dateModified":"2024-01-31T11:57:51+00:00","mainEntityOfPage":{"@id":"https:\/\/avellaneda.gob.ar\/proyectoue\/avellaneda-concientiza-sobre-el-cuidado-del-ambiente-en-las-escuelas-de-verano\/"},"wordCount":186,"commentCount":0,"publisher":{"@id":"https:\/\/avellaneda.gob.ar\/proyectoue\/#organization"},"articleSection":["Destacadas","Resiliencia y calidad ambiental"],"inLanguage":"es-AR","potentialAction":[{"@type":"CommentAction","name":"Comment","target":["https:\/\/avellaneda.gob.ar\/proyectoue\/avellaneda-concientiza-sobre-el-cuidado-del-ambiente-en-las-escuelas-de-verano\/#respond"]}]},{"@type":"WebPage","@id":"https:\/\/avellaneda.gob.ar\/proyectoue\/avellaneda-concientiza-sobre-el-cuidado-del-ambiente-en-las-escuelas-de-verano\/","url":"https:\/\/avellaneda.gob.ar\/proyectoue\/avellaneda-concientiza-sobre-el-cuidado-del-ambiente-en-las-escuelas-de-verano\/","name":"AVELLANEDA CONCIENTIZA SOBRE EL CUIDADO DEL AMBIENTE EN LAS ESCUELAS DE VERANO - Proyecto Uni\u00f3n Europea","isPartOf":{"@id":"https:\/\/avellaneda.gob.ar\/proyectoue\/#website"},"datePublished":"2024-01-31T11:57:50+00:00","dateModified":"2024-01-31T11:57:51+00:00","breadcrumb":{"@id":"https:\/\/avellaneda.gob.ar\/proyectoue\/avellaneda-concientiza-sobre-el-cuidado-del-ambiente-en-las-escuelas-de-verano\/#breadcrumb"},"inLanguage":"es-AR","potentialAction":[{"@type":"ReadAction","target":["https:\/\/avellaneda.gob.ar\/proyectoue\/avellaneda-concientiza-sobre-el-cuidado-del-ambiente-en-las-escuelas-de-verano\/"]}]},{"@type":"BreadcrumbList","@id":"https:\/\/avellaneda.gob.ar\/proyectoue\/avellaneda-concientiza-sobre-el-cuidado-del-ambiente-en-las-escuelas-de-verano\/#breadcrumb","itemListElement":[{"@type":"ListItem","position":1,"name":"Inicio","item":"https:\/\/avellaneda.gob.ar\/proyectoue\/"},{"@type":"ListItem","position":2,"name":"AVELLANEDA CONCIENTIZA SOBRE EL CUIDADO DEL AMBIENTE EN LAS ESCUELAS DE VERANO"}]},{"@type":"WebSite","@id":"https:\/\/avellaneda.gob.ar\/proyectoue\/#website","url":"https:\/\/avellaneda.gob.ar\/proyectoue\/","name":"Proyecto Uni\u00f3n Europea","description":"Desarrollo urbano de la ciudad de Avellaneda.","publisher":{"@id":"https:\/\/avellaneda.gob.ar\/proyectoue\/#organization"},"potentialAction":[{"@type":"SearchAction","target":{"@type":"EntryPoint","urlTemplate":"https:\/\/avellaneda.gob.ar\/proyectoue\/?s={search_term_string}"},"query-input":"required name=search_term_string"}],"inLanguage":"es-AR"},{"@type":"Organization","@id":"https:\/\/avellaneda.gob.ar\/proyectoue\/#organization","name":"Proyecto Uni\u00f3n Europea","url":"https:\/\/avellaneda.gob.ar\/proyectoue\/","sameAs":[],"logo":{"@type":"ImageObject","inLanguage":"es-AR","@id":"https:\/\/avellaneda.gob.ar\/proyectoue\/#\/schema\/logo\/image\/","url":"https:\/\/avellaneda.gob.ar\/proyectoue\/wp-content\/uploads\/2022\/09\/POP-UP-WEB_UE.png","contentUrl":"https:\/\/avellaneda.gob.ar\/proyectoue\/wp-content\/uploads\/2022\/09\/POP-UP-WEB_UE.png","width":1500,"height":975,"caption":"Proyecto Uni\u00f3n Europea"},"image":{"@id":"https:\/\/avellaneda.gob.ar\/proyectoue\/#\/schema\/logo\/image\/"}},{"@type":"Person","@id":"https:\/\/avellaneda.gob.ar\/proyectoue\/#\/schema\/person\/4c58cd392705b14ef88b3e428e5f0674","name":"franco","image":{"@type":"ImageObject","inLanguage":"es-AR","@id":"https:\/\/avellaneda.gob.ar\/proyectoue\/#\/schema\/person\/image\/","url":"https:\/\/secure.gravatar.com\/avatar\/d8b90824cd100c001cc76450e494e400721e7fd5436da3cf3d2c96b2875af08f?s=96&d=mm&r=g","contentUrl":"https:\/\/secure.gravatar.com\/avatar\/d8b90824cd100c001cc76450e494e400721e7fd5436da3cf3d2c96b2875af08f?s=96&d=mm&r=g","caption":"franco"},"url":"https:\/\/avellaneda.gob.ar\/proyectoue\/author\/franco\/"}]}},"_links":{"self":[{"href":"https:\/\/avellaneda.gob.ar\/proyectoue\/wp-json\/wp\/v2\/posts\/1856","targetHints":{"allow":["GET"]}}],"collection":[{"href":"https:\/\/avellaneda.gob.ar\/proyectoue\/wp-json\/wp\/v2\/posts"}],"about":[{"href":"https:\/\/avellaneda.gob.ar\/proyectoue\/wp-json\/wp\/v2\/types\/post"}],"author":[{"embeddable":true,"href":"https:\/\/avellaneda.gob.ar\/proyectoue\/wp-json\/wp\/v2\/users\/2"}],"replies":[{"embeddable":true,"href":"https:\/\/avellaneda.gob.ar\/proyectoue\/wp-json\/wp\/v2\/comments?post=1856"}],"version-history":[{"count":1,"href":"https:\/\/avellaneda.gob.ar\/proyectoue\/wp-json\/wp\/v2\/posts\/1856\/revisions"}],"predecessor-version":[{"id":1858,"href":"https:\/\/avellaneda.gob.ar\/proyectoue\/wp-json\/wp\/v2\/posts\/1856\/revisions\/1858"}],"wp:featuredmedia":[{"embeddable":true,"href":"https:\/\/avellaneda.gob.ar\/proyectoue\/wp-json\/wp\/v2\/media\/1857"}],"wp:attachment":[{"href":"https:\/\/avellaneda.gob.ar\/proyectoue\/wp-json\/wp\/v2\/media?parent=1856"}],"wp:term":[{"taxonomy":"category","embeddable":true,"href":"https:\/\/avellaneda.gob.ar\/proyectoue\/wp-json\/wp\/v2\/categories?post=1856"},{"taxonomy":"post_tag","embeddable":true,"href":"https:\/\/avellaneda.gob.ar\/proyectoue\/wp-json\/wp\/v2\/tags?post=1856"}],"curies":[{"name":"wp","href":"https:\/\/api.w.org\/{rel}","templated":true}]}}